{"id":642,"date":"2015-06-10T18:43:00","date_gmt":"2015-06-10T18:43:00","guid":{"rendered":"https:\/\/eltonrodrigues.com.br\/editora\/?p=642"},"modified":"2024-09-26T12:24:52","modified_gmt":"2024-09-26T12:24:52","slug":"educacao-ambiental-possiveis-olhares","status":"publish","type":"post","link":"https:\/\/editora.unifoa.edu.br\/index.php\/educacao-ambiental-possiveis-olhares\/","title":{"rendered":"Educa\u00e7\u00e3o Ambiental: poss\u00edveis olhares"},"content":{"rendered":"\n<p>A presente produ\u00e7\u00e3o&nbsp;<em>\u201cEduca\u00e7\u00e3o Ambiental: poss\u00edveis olhares\u201d<\/em>&nbsp;se constitu\u00ed como um espa\u00e7o de divulga\u00e7\u00e3o dos estudos de pesquisadores e acad\u00eamicos do Mestrado Profissional em Ensino em Ci\u00eancias da Sa\u00fade e do Meio Ambiente e do Instituto Federal de Ci\u00eancia e Tecnologia do Rio de Janeiro&nbsp;<em>campus<\/em>&nbsp;Volta Redonda. A proposta da referida produ\u00e7\u00e3o \u00e9 ampliar o debate pela busca de um conhecimento prudente com potencial de produzir uma vida mais decente, proporcionando o debate e troca de experi\u00eancias pedag\u00f3gicas concretas das escolas, utilizando a tem\u00e1tica da Educa\u00e7\u00e3o Ambiental como centralidade.<\/p>\n\n\n\n<div class=\"wp-block-essential-blocks-button  root-eb-button-4d0kth3\"><div class=\"eb-parent-wrapper eb-parent-eb-button-4d0kth3 \"><div class=\"eb-button-wrapper eb-button-alignment eb-button-4d0kth3\"><div class=\"eb-button\"><a class=\"eb-button-anchor\" href=\"https:\/\/editora.unifoa.edu.br\/wp-content\/uploads\/2023\/07\/educacao-ambiental-possiveis-olhares.pdf\" target=\"_blank\" rel=\"noopener\">DOWNLOAD<\/a><\/div><\/div><\/div><\/div>\n","protected":false},"excerpt":{"rendered":"<p>A presente produ\u00e7\u00e3o&nbsp;\u201cEduca\u00e7\u00e3o Ambiental: poss\u00edveis olhares\u201d&nbsp;se constitu\u00ed como um espa\u00e7o de divulga\u00e7\u00e3o dos estudos de pesquisadores e acad\u00eamicos do Mestrado Profissional em Ensino em Ci\u00eancias da Sa\u00fade e do Meio Ambiente e do Instituto Federal de Ci\u00eancia e Tecnologia do Rio de Janeiro&nbsp;campus&nbsp;Volta Redonda. A proposta da referida produ\u00e7\u00e3o \u00e9 ampliar o debate pela busca [&hellip;]<\/p>\n","protected":false},"author":3,"featured_media":643,"comment_status":"closed","ping_status":"closed","sticky":false,"template":"","format":"standard","meta":{"_eb_attr":"","site-sidebar-layout":"default","site-content-layout":"","ast-site-content-layout":"default","site-content-style":"default","site-sidebar-style":"default","ast-global-header-display":"","ast-banner-title-visibility":"","ast-main-header-display":"","ast-hfb-above-header-display":"","ast-hfb-below-header-display":"","ast-hfb-mobile-header-display":"","site-post-title":"","ast-breadcrumbs-content":"","ast-featured-img":"","footer-sml-layout":"","ast-disable-related-posts":"","theme-transparent-header-meta":"","adv-header-id-meta":"","stick-header-meta":"","header-above-stick-meta":"","header-main-stick-meta":"","header-below-stick-meta":"","astra-migrate-meta-layouts":"set","ast-page-background-enabled":"default","ast-page-background-meta":{"desktop":{"background-color":"var(--ast-global-color-4)","background-image":"","background-repeat":"repeat","background-position":"center center","background-size":"auto","background-attachment":"scroll","background-type":"","background-media":"","overlay-type":"","overlay-color":"","overlay-opacity":"","overlay-gradient":""},"tablet":{"background-color":"","background-image":"","background-repeat":"repeat","background-position":"center center","background-size":"auto","background-attachment":"scroll","background-type":"","background-media":"","overlay-type":"","overlay-color":"","overlay-opacity":"","overlay-gradient":""},"mobile":{"background-color":"","background-image":"","background-repeat":"repeat","background-position":"center center","background-size":"auto","background-attachment":"scroll","background-type":"","background-media":"","overlay-type":"","overlay-color":"","overlay-opacity":"","overlay-gradient":""}},"ast-content-background-meta":{"desktop":{"background-color":"var(--ast-global-color-5)","background-image":"","background-repeat":"repeat","background-position":"center center","background-size":"auto","background-attachment":"scroll","background-type":"","background-media":"","overlay-type":"","overlay-color":"","overlay-opacity":"","overlay-gradient":""},"tablet":{"background-color":"var(--ast-global-color-5)","background-image":"","background-repeat":"repeat","background-position":"center center","background-size":"auto","background-attachment":"scroll","background-type":"","background-media":"","overlay-type":"","overlay-color":"","overlay-opacity":"","overlay-gradient":""},"mobile":{"background-color":"var(--ast-global-color-5)","background-image":"","background-repeat":"repeat","background-position":"center center","background-size":"auto","background-attachment":"scroll","background-type":"","background-media":"","overlay-type":"","overlay-color":"","overlay-opacity":"","overlay-gradient":""}},"footnotes":""},"categories":[3],"tags":[35],"class_list":["post-642","post","type-post","status-publish","format-standard","has-post-thumbnail","hentry","category-publicacoes","tag-educacao-ambiental"],"rttpg_featured_image_url":{"full":["https:\/\/editora.unifoa.edu.br\/wp-content\/uploads\/2023\/07\/capa-educacao-ambiental.png",820,420,false],"landscape":["https:\/\/editora.unifoa.edu.br\/wp-content\/uploads\/2023\/07\/capa-educacao-ambiental.png",820,420,false],"portraits":["https:\/\/editora.unifoa.edu.br\/wp-content\/uploads\/2023\/07\/capa-educacao-ambiental.png",820,420,false],"thumbnail":["https:\/\/editora.unifoa.edu.br\/wp-content\/uploads\/2023\/07\/capa-educacao-ambiental-150x150.png",150,150,true],"medium":["https:\/\/editora.unifoa.edu.br\/wp-content\/uploads\/2023\/07\/capa-educacao-ambiental-300x154.png",300,154,true],"large":["https:\/\/editora.unifoa.edu.br\/wp-content\/uploads\/2023\/07\/capa-educacao-ambiental.png",820,420,false],"1536x1536":["https:\/\/editora.unifoa.edu.br\/wp-content\/uploads\/2023\/07\/capa-educacao-ambiental.png",820,420,false],"2048x2048":["https:\/\/editora.unifoa.edu.br\/wp-content\/uploads\/2023\/07\/capa-educacao-ambiental.png",820,420,false]},"rttpg_author":{"display_name":"Editora FOA","author_link":"https:\/\/editora.unifoa.edu.br\/index.php\/author\/editorafoa\/"},"rttpg_comment":0,"rttpg_category":"<a href=\"https:\/\/editora.unifoa.edu.br\/index.php\/category\/publicacoes\/\" rel=\"category tag\">Publica\u00e7\u00f5es<\/a>","rttpg_excerpt":"A presente produ\u00e7\u00e3o&nbsp;\u201cEduca\u00e7\u00e3o Ambiental: poss\u00edveis olhares\u201d&nbsp;se constitu\u00ed como um espa\u00e7o de divulga\u00e7\u00e3o dos estudos de pesquisadores e acad\u00eamicos do Mestrado Profissional em Ensino em Ci\u00eancias da Sa\u00fade e do Meio Ambiente e do Instituto Federal de Ci\u00eancia e Tecnologia do Rio de Janeiro&nbsp;campus&nbsp;Volta Redonda. A proposta da referida produ\u00e7\u00e3o \u00e9 ampliar o debate pela busca&hellip;","_links":{"self":[{"href":"https:\/\/editora.unifoa.edu.br\/index.php\/wp-json\/wp\/v2\/posts\/642","targetHints":{"allow":["GET"]}}],"collection":[{"href":"https:\/\/editora.unifoa.edu.br\/index.php\/wp-json\/wp\/v2\/posts"}],"about":[{"href":"https:\/\/editora.unifoa.edu.br\/index.php\/wp-json\/wp\/v2\/types\/post"}],"author":[{"embeddable":true,"href":"https:\/\/editora.unifoa.edu.br\/index.php\/wp-json\/wp\/v2\/users\/3"}],"replies":[{"embeddable":true,"href":"https:\/\/editora.unifoa.edu.br\/index.php\/wp-json\/wp\/v2\/comments?post=642"}],"version-history":[{"count":2,"href":"https:\/\/editora.unifoa.edu.br\/index.php\/wp-json\/wp\/v2\/posts\/642\/revisions"}],"predecessor-version":[{"id":1400,"href":"https:\/\/editora.unifoa.edu.br\/index.php\/wp-json\/wp\/v2\/posts\/642\/revisions\/1400"}],"wp:featuredmedia":[{"embeddable":true,"href":"https:\/\/editora.unifoa.edu.br\/index.php\/wp-json\/wp\/v2\/media\/643"}],"wp:attachment":[{"href":"https:\/\/editora.unifoa.edu.br\/index.php\/wp-json\/wp\/v2\/media?parent=642"}],"wp:term":[{"taxonomy":"category","embeddable":true,"href":"https:\/\/editora.unifoa.edu.br\/index.php\/wp-json\/wp\/v2\/categories?post=642"},{"taxonomy":"post_tag","embeddable":true,"href":"https:\/\/editora.unifoa.edu.br\/index.php\/wp-json\/wp\/v2\/tags?post=642"}],"curies":[{"name":"wp","href":"https:\/\/api.w.org\/{rel}","templated":true}]}}